{"id":1931,"date":"2023-02-06T13:37:36","date_gmt":"2023-02-06T10:37:36","guid":{"rendered":"https:\/\/feyyaz.org\/?p=1931"},"modified":"2023-03-16T23:45:35","modified_gmt":"2023-03-16T20:45:35","slug":"deprem-yardim-kampanyasi","status":"publish","type":"post","link":"https:\/\/feyyaz.org\/?p=1931","title":{"rendered":"DEPREM Yard\u0131m Kampanyas\u0131"},"content":{"rendered":"<article id=\"post-3519\" class=\"post-3519 post type-post status-publish format-standard has-post-thumbnail category-duyurular\">\n<div class=\"post-content-wrap has-share-float\">\n<div class=\"post-content cf entry-content content-spacious\">\n<div class=\"elementor elementor-3519\" data-elementor-type=\"wp-post\" data-elementor-id=\"3519\">\n<section class=\"elementor-section elementor-top-section elementor-element elementor-element-75e67000 elementor-section-boxed elementor-section-height-default elementor-section-height-default\" data-id=\"75e67000\" data-element_type=\"section\">\n<div class=\"elementor-container elementor-column-gap-default\">\n<div class=\"elementor-column elementor-col-100 elementor-top-column elementor-element elementor-element-6c05fb13\" data-id=\"6c05fb13\" data-element_type=\"column\">\n<div class=\"elementor-widget-wrap elementor-element-populated\">\n<div class=\"elementor-element elementor-element-52c1fab0 elementor-widget elementor-widget-text-editor\" data-id=\"52c1fab0\" data-element_type=\"widget\" data-widget_type=\"text-editor.default\">\n<div class=\"elementor-widget-container\">\n<p>&nbsp;<\/p>\n<p><img loading=\"lazy\" decoding=\"async\" class=\"aligncenter wp-image-1934 size-large\" src=\"https:\/\/feyyaz.org\/wp-content\/uploads\/2023\/02\/deprem-maras-1024x573.jpg\" alt=\"\" width=\"1024\" height=\"573\" srcset=\"http:\/\/feyyaz.org\/wp-content\/uploads\/2023\/02\/deprem-maras-1024x573.jpg 1024w, http:\/\/feyyaz.org\/wp-content\/uploads\/2023\/02\/deprem-maras-300x168.jpg 300w, http:\/\/feyyaz.org\/wp-content\/uploads\/2023\/02\/deprem-maras-768x430.jpg 768w, http:\/\/feyyaz.org\/wp-content\/uploads\/2023\/02\/deprem-maras.jpg 1119w\" sizes=\"auto, (max-width: 1024px) 100vw, 1024px\" \/><\/p>\n<p>Muhterem ve k\u0131ymetli mensuplar\u0131m\u0131z;<\/p>\n<p>Merkezi Kahramanmara\u015f vilayetimiz olan 7.4 b\u00fcy\u00fckl\u00fc\u011f\u00fcnde \u00e7ok \u015fiddetli ve deh\u015fetli bir afet ve depremle sars\u0131ld\u0131k. Bu deprem, \u0130zmit G\u00f6lc\u00fck depreminden daha \u015fiddetli ve y\u0131k\u0131c\u0131 bir felakettir. Allah milletimizin yard\u0131mc\u0131s\u0131 olsun. Rahmetiyle ve inayetiyle muamele buyursun. Amin\u2026<\/p>\n<p>Bu gibi felaketlerde, mallar\u0131 ve servetleri gidenlerin kaybettikleri, sadaka ve hay\u0131r h\u00fckm\u00fcne ge\u00e7er. Afetten dolay\u0131 vefat edenler ise, durum ve vaziyetlerine g\u00f6re in\u015fallah manevi \u015fehadet ile taltif edilirler. Kusurlu ve g\u00fcnahk\u00e2rlar\u0131n aff\u0131na sebebiyet verir ve keffaret\u00fc\u2019z-z\u00fcnubdur. Masumlar ve mazlumlar i\u00e7in ise makamlar\u0131n\u0131n y\u00fckselmesine, cennet ile m\u00fcjdelenmelerine vesiledir.<\/p>\n<p>Rabbimizden niyaz\u0131m\u0131z \u015fudur ki; i\u00e7inde bulundu\u011fumuz \u00fc\u00e7 aylar h\u00fcrmetine \u015fuan zor durumda olan, g\u00f6\u00e7\u00fck alt\u0131nda kurtar\u0131lmay\u0131 bekleyen karde\u015flerimize inayetiyle muamele etsin. Vefat edenlerimize Allah rahmet eylesin, makamlar\u0131 ve mek\u00e2nlar\u0131 cennet olsun. Musibetten dolay\u0131 yaral\u0131lar\u0131m\u0131za ve hastalar\u0131m\u0131za \u015fifa hazinesinden acilen afiyetler nasip eylesin. Geride kalanlar\u0131na sabr-\u0131 cemil nasip eylesin. Amin.<\/p>\n<p>K\u0131ymetli karde\u015flerimiz;\u00a0 bu gibi felaketlerde Suffa Vakf\u0131 olarak mutlaka bizlerin de \u00fczerimize d\u00fc\u015feni memleketimiz, milletimiz ve camiam\u0131z ad\u0131na yapmam\u0131z icap eder.<\/p>\n<p>Bu sebeple;<\/p>\n<p><strong>A.<\/strong>\u00a0Do\u011fru ve teyit edilmi\u015f bilgi ve geli\u015fimleri takip etmek \u00fczere, icram\u0131z\u0131n tensibiyle merkezi y\u00f6netim kurulu ba\u015fkanl\u0131\u011f\u0131m\u0131zca bir kriz masas\u0131 olu\u015fturduk. Bu masaya ula\u015fmak isteyenler i\u00e7in kullan\u0131lacak telefonlar;<\/p>\n<p>\u015eehzade Mehmet Merkez:\u00a0<a href=\"tel:+90-212-523-73-05\">0212 523 73 05<\/a><\/p>\n<p>Yusuf Demir:\u00a0 \u00a0 \u00a0 \u00a0 \u00a0 \u00a0 \u00a0 \u00a0 \u00a0 \u00a0 \u00a0 \u00a0 \u00a0\u00a0<a href=\"tel:+90-535-350-61-06\">0535 350 61 06<\/a><\/p>\n<p>Yasin \u00c7\u00f6pl\u00fc:\u00a0 \u00a0 \u00a0 \u00a0 \u00a0 \u00a0 \u00a0 \u00a0 \u00a0 \u00a0 \u00a0 \u00a0 \u00a0 \u00a0<a href=\"tel:+90-531-352-46-46\">0531 352 46 46<\/a><\/p>\n<p><strong>B.<\/strong>\u00a0Suffa Vakf\u0131 \u00fczerinden depremzedelere ve camiam\u0131zdan zarar g\u00f6rm\u00fc\u015f karde\u015flerimize ve hizmet mek\u00e2nlar\u0131m\u0131za nakdi olarak yard\u0131m etmek isteyenler i\u00e7in hesap numaralar\u0131m\u0131z;<\/p>\n<p>Hesap Sahibi:\u00a0<strong>Suffa Vakf\u0131<\/strong><\/p>\n<p><strong>TL i\u00e7in:\u00a0 \u00a0 \u00a0 \u00a0 IBAN TR91 0021 0000 0000 1792 4000 05<\/strong><\/p>\n<p><strong>Dolar i\u00e7in:\u00a0 IBAN TR29 00010 0048 859 1146 2750 03<\/strong><\/p>\n<p><strong>Euro i\u00e7in:\u00a0 \u00a0 IBAN TR64 0021 0000 0000 1792 4001 03<\/strong><\/p>\n<p><strong>C.<\/strong>\u00a0Ayni yard\u0131mlar i\u00e7in; daha evvelki felaket zamanlar\u0131nda oldu\u011fu gibi; diyanetin organizasyonu \u00fczerinden her t\u00fcrl\u00fc ayni ba\u011f\u0131\u015flar\u0131m\u0131z\u0131 yapabiliriz. Zira bu ba\u011f\u0131\u015flar\u0131 ve ayni yard\u0131mlar\u0131 kolayl\u0131kla ve en yak\u0131n tarzda kavu\u015fturmam\u0131z i\u00e7in diyanet daha \u015f\u00fcmull\u00fc ve daha organizeli \u00e7al\u0131\u015fmaktad\u0131r. \u00c7\u00fcnk\u00fc camiler m\u00fcft\u00fcl\u00fck ve t\u00fcm diyanet g\u00f6revlileri bu hususta seferber olmaktad\u0131rlar.<\/p>\n<p>Bu vesileyle; Kahramanmara\u015f merkezli bu a\u011f\u0131r ve y\u0131k\u0131c\u0131 felakete maruz kalm\u0131\u015f karde\u015flerimize ve vatanda\u015flar\u0131m\u0131za dua edelim, Cenab-\u0131 Hak rahmetiyle muamele edip, en az zayiatla kurtulmam\u0131z\u0131 m\u00fcyesser eylesin.<\/p>\n<p>Bu musibetten dolay\u0131 yekv\u00fccut organize olarak canh\u0131ra\u015f \u00e7al\u0131\u015fan devlet adamlar\u0131m\u0131za, etkili ve yetkili kurumlar\u0131m\u0131za ve onlar\u0131n y\u00f6neticilerine ve mensuplar\u0131na gayret, metanet ve muvaffakiyetler versin.<\/p>\n<p>\u00dclkemizi ve milletimizi bir daha b\u00f6yle a\u011f\u0131r felaketler ve musibetlerle imtihan eylemesin. Amin.<\/p>\n<p class=\"has-text-align-right\">Suffa Vakf\u0131 \u0130cra Heyeti<br \/>\n06\/02\/2023<\/p>\n<p>&nbsp;<\/p>\n<\/div>\n<\/div>\n<\/div>\n<\/div>\n<\/div>\n<\/section>\n<\/div>\n<\/div>\n<\/div>\n<\/article>\n","protected":false},"excerpt":{"rendered":"<p>&nbsp; Muhterem ve k\u0131ymetli mensuplar\u0131m\u0131z; Merkezi Kahramanmara\u015f vilayetimiz olan 7.4 b\u00fcy\u00fckl\u00fc\u011f\u00fcnde \u00e7ok \u015fiddetli ve deh\u015fetli bir afet ve depremle sars\u0131ld\u0131k. Bu deprem, \u0130zmit G\u00f6lc\u00fck depreminden daha \u015fiddetli ve y\u0131k\u0131c\u0131 bir felakettir. Allah milletimizin yard\u0131mc\u0131s\u0131 olsun. Rahmetiyle ve inayetiyle muamele buyursun. Amin\u2026 Bu gibi felaketlerde, mallar\u0131 ve servetleri gidenlerin kaybettikleri, sadaka ve hay\u0131r h\u00fckm\u00fcne ge\u00e7er. Afetten [&hellip;]<\/p>\n","protected":false},"author":2,"featured_media":1932,"comment_status":"closed","ping_status":"closed","sticky":false,"template":"","format":"standard","meta":{"footnotes":""},"categories":[1],"tags":[],"class_list":["post-1931","post","type-post","status-publish","format-standard","has-post-thumbnail","hentry","category-genel"],"_links":{"self":[{"href":"https:\/\/feyyaz.org\/index.php?rest_route=\/wp\/v2\/posts\/1931","targetHints":{"allow":["GET"]}}],"collection":[{"href":"https:\/\/feyyaz.org\/index.php?rest_route=\/wp\/v2\/posts"}],"about":[{"href":"https:\/\/feyyaz.org\/index.php?rest_route=\/wp\/v2\/types\/post"}],"author":[{"embeddable":true,"href":"https:\/\/feyyaz.org\/index.php?rest_route=\/wp\/v2\/users\/2"}],"replies":[{"embeddable":true,"href":"https:\/\/feyyaz.org\/index.php?rest_route=%2Fwp%2Fv2%2Fcomments&post=1931"}],"version-history":[{"count":2,"href":"https:\/\/feyyaz.org\/index.php?rest_route=\/wp\/v2\/posts\/1931\/revisions"}],"predecessor-version":[{"id":1946,"href":"https:\/\/feyyaz.org\/index.php?rest_route=\/wp\/v2\/posts\/1931\/revisions\/1946"}],"wp:featuredmedia":[{"embeddable":true,"href":"https:\/\/feyyaz.org\/index.php?rest_route=\/wp\/v2\/media\/1932"}],"wp:attachment":[{"href":"https:\/\/feyyaz.org\/index.php?rest_route=%2Fwp%2Fv2%2Fmedia&parent=1931"}],"wp:term":[{"taxonomy":"category","embeddable":true,"href":"https:\/\/feyyaz.org\/index.php?rest_route=%2Fwp%2Fv2%2Fcategories&post=1931"},{"taxonomy":"post_tag","embeddable":true,"href":"https:\/\/feyyaz.org\/index.php?rest_route=%2Fwp%2Fv2%2Ftags&post=1931"}],"curies":[{"name":"wp","href":"https:\/\/api.w.org\/{rel}","templated":true}]}}